{"id":1989,"date":"2014-04-09T10:36:11","date_gmt":"2014-04-09T10:36:11","guid":{"rendered":"http:\/\/www.terraantica.org\/?p=1989"},"modified":"2018-10-13T21:12:23","modified_gmt":"2018-10-13T21:12:23","slug":"davide-e-golia-in-acqua","status":"publish","type":"post","link":"https:\/\/www.terraantica.org\/?p=1989","title":{"rendered":"Davide e Golia, in acqua"},"content":{"rendered":"<p><span style=\"color: #800000;\">EVENTI<\/span><\/p>\n<p style=\"text-align: center;\"><span style=\"color: #800000;\"><b>Davide e Golia, in acqua<\/b><\/span><\/p>\n<p style=\"text-align: center;\"><span style=\"color: #800000;\">di Pino Sartori *<\/span><\/p>\n<p style=\"text-align: justify;\"><span style=\"color: #800000;\">Un&#8217;eredit\u00e0 nefasta della cultura letteraria spicciola ce l&#8217;ha lasciata Paul Thomas Mann (1875 \u2013 1955), scrittore e saggista tedesco, premio Nobel per la letteratura, quando nel suo famoso racconto lungo &#8220;<em><strong>La morte a Venezia<\/strong><\/em>&#8221; [<em><strong>Der Tod in Venedig<\/strong><\/em>] &#8221; descrive\u00a0 l&#8217;arrivo del protagonista a Venezia.<\/span><\/p>\n<p style=\"text-align: justify;\"><span style=\"color: #800000;\"><i>\u201cLa nave riprendeva, per il canale di San Marco, la navigazione interrotta tanto vicino alla meta. E cos\u00ec rivide un\u2019altra volta, lo scalo splendido, quella composizione affascinante di edifici fantastici che la Repubblica offriva ai rispettosi sguardi dei naviganti, nell\u2019avvicinarsi, la grandiosit\u00e0 agile del Palazzo e il Ponte dei Sospiri, le colonne alla riva, con leone e santo, il fianco sporgente sontuoso della chiesa fiabesca, la veduta dell\u2019arco e l\u2019orologio gigante, e guardando lass\u00f9 pens\u00f2 che arrivare a Venezia per la via di terra dalla stazione, significa entrare in un palazzo dalla porta posteriore (&#8230;)&#8221;<\/i><\/span><\/p>\n<p style=\"text-align: justify;\"><span style=\"color: #800000;\">Qui nasce un mito, alimentato indubbiamente da <a style=\"color: #800000;\" href=\"https:\/\/youtu.be\/SU1mBBM0pzw\">Luchino Visconti<\/a>\u00a0(1971),\u00a0 per l&#8217;immaginario collettivo che per\u00f2 oggi sta minacciando per il suo gigantismo l&#8217;elemento strutturale primigenio della citt\u00e0 che \u00e8 sorta sulle barene dell&#8217;estuario lagunare.<\/span><\/p>\n<p style=\"text-align: justify;\"><span style=\"color: #800000;\">C&#8217;\u00e8 invece chi rema contro, si potrebbe dire propriamente, questo mito.<\/span><\/p>\n<p style=\"text-align: justify;\"><span style=\"color: #800000;\">Chi, come Selina Zampedri e Stefano Barzizza, intraprende una impresa colossale, non solo per il confronto fra le\u00a0 stazze, canoa contro i grattaceli del mare, ma per la sovversione del punto di vista, per far conoscere alla gente, anche ai pochi indigeni rimasti, prospettive e inquadrature di Venezia e della laguna a &#8220;filo d&#8217;acqua&#8221;.<\/span><\/p>\n<p style=\"text-align: justify;\"><span style=\"color: #800000;\">Insomma un progetto rivoluzionario, un confronto come quello di Davide e Golia, ma\u00a0 sull&#8217;acqua.<\/span><\/p>\n<div id=\"attachment_3192\" style=\"width: 1010px\" class=\"wp-caption aligncenter\"><img loading=\"lazy\" decoding=\"async\" aria-describedby=\"caption-attachment-3192\" class=\"size-full wp-image-3192\" src=\"https:\/\/www.terraantica.org\/new\/wp-content\/uploads\/Selina-zampedri.jpg\" alt=\"\" width=\"1000\" height=\"667\" srcset=\"https:\/\/www.terraantica.org\/new\/wp-content\/uploads\/Selina-zampedri.jpg 1000w, https:\/\/www.terraantica.org\/new\/wp-content\/uploads\/Selina-zampedri-150x100.jpg 150w, https:\/\/www.terraantica.org\/new\/wp-content\/uploads\/Selina-zampedri-300x200.jpg 300w\" sizes=\"auto, (max-width: 1000px) 100vw, 1000px\" \/><p id=\"caption-attachment-3192\" class=\"wp-caption-text\"><span style=\"color: #800000;\">Selina Zampedri, novello Davide, affronta i Golia sull&#8217;acqua del Canale della Giudecca<\/span><\/p><\/div>\n<p style=\"text-align: justify;\"><span style=\"color: #800000;\">Avviandosi in laguna\u00a0 dalla terraferma (porta posteriore&#8230;), da San Giuliano o da Campalto, i nostri esploratori sono stati pi\u00f9 volte catturati dal richiamo dei chiaroscuri cromatici delle barene estive, che per\u00f2 verso la fine di luglio cedono al dilagare del colore roseo-lilla della fioritura del limonieto.<\/span><\/p>\n<p style=\"text-align: justify;\"><span style=\"color: #800000;\">Invero, per chi \u00e8 uso all&#8217;acqua di Venezia, e sono molti ancora i veneziani che tengono un remo in mano, la loro \u00e8 una riscoperta dell&#8217;acquaticit\u00e0 dei luoghi in cui vivono e operano, delle strutture e delle architetture che erano pensate solo per un accesso dall&#8217;acqua (come gli ingressi di molti luoghi sacri), o per alcuni segni &#8220;C&#8211;&#8221; misteriose tracce di una civilt\u00e0 ignorata pi\u00f9 che ignota. Sono i segni del &#8220;<b><i>Comun de aqua<\/i><\/b>&#8220;, riferimenti ancora validi per capire i dinamismo della citt\u00e0 che sprofonda.<\/span><\/p>\n<div id=\"attachment_1354\" style=\"width: 382px\" class=\"wp-caption aligncenter\"><a style=\"color: #800000;\" href=\"https:\/\/www.terraantica.org\/new\/wp-content\/uploads\/Comun_de-acqua1840.jpg\"><img loading=\"lazy\" decoding=\"async\" aria-describedby=\"caption-attachment-1354\" class=\"wp-image-1354\" src=\"https:\/\/www.terraantica.org\/new\/wp-content\/uploads\/Comun_de-acqua1840-288x300.jpg\" alt=\"Comun de acqua 1840 e 1970\" width=\"372\" height=\"389\" \/><\/a><p id=\"caption-attachment-1354\" class=\"wp-caption-text\"><span style=\"color: #800000;\">Bacino Orseolo (vicino piazza San Marco). Confronto fra il &#8220;Comun de acqua&#8221; del 1840 (sotto) e quello del 1970. Il segno dell&#8217;acqua attuale oggi arriva molto pi\u00f9 in alto.<\/span><\/p><\/div>\n<p style=\"text-align: justify;\"><span style=\"color: #800000;\">E&#8217; anche una denuncia\u00a0 della drammaticit\u00e0 (ormai dimostrata anche dalla cronaca) del moto ondoso che impedisce una visitazione lenta e assaporante della citt\u00e0, come gustare con tranquillit\u00e0 una della sue\u00a0 specialit\u00e0 enogastronomiche.<\/span><\/p>\n<p style=\"text-align: justify;\"><span style=\"color: #800000;\">E&#8217; anche un&#8217;impresa agghiacciante e terribile che, con le loro istantanee,\u00a0 ci pone di fronte all&#8217;incivilt\u00e0 dello sfruttamento turistico, che reputa questi punti di vista dall&#8217;acqua i luoghi migliori per lasciare le proprie immondezze.<\/span><\/p>\n<p style=\"text-align: justify;\"><span style=\"color: #800000;\">E&#8217; per\u00f2 infine\u00a0 un invito a superare le naturali ritrosie che possono sorgere nelle persone di fronte a una canoa con pagaia, per cimentarsi in uno sforzo lieve e comunque graduale ed avvicinarsi ad una Venezia che nessun percorso fra le calli pi\u00f9 sconosciute vi potr\u00e0 mai rivelare.<\/span><\/p>\n<p style=\"text-align: justify;\"><span style=\"color: #800000;\">E l\u2019esplorazione continua con il nuovo gruppo su\u00a0 FB: &#8220;Vivere la laguna di Venezia&#8221;. [<a style=\"color: #800000;\" title=\"Vivere la laguna di Venezia\" href=\"https:\/\/www.facebook.com\/groups\/viverelalaguna\/\" target=\"_blank\" rel=\"noopener\">https:\/\/www.facebook.com\/groups\/viverelalaguna<\/a>\/].\u00a0\u00a0\u00a0 Seguiamoli.<\/span><\/p>\n<p style=\"text-align: justify;\"><span style=\"color: #800000;\">* Vicepresidente Gruppo per la salvaguardia dell\u2019ambiente La Salsola<\/span><\/p>\n<p style=\"text-align: justify;\"><span style=\"color: #800000;\">&#8212;&#8212;&#8212;&#8212;&#8212;&#8212;&#8212;&#8212;&#8212;&#8212;&#8212;&#8212;&#8212;&#8212;&#8212;&#8212;&#8212;&#8212;&#8212;&#8212;&#8212;&#8212;&#8212;&#8212;&#8212;&#8212;&#8212;&#8212;&#8212;&#8212;-<\/span><\/p>\n<p style=\"text-align: justify;\"><span style=\"color: #800000;\">La mostra fotografica \u201cA FILO D\u2019ACQUA\u201d si inaugura sabato 12 aprile ore 18.00 presso il Centro culturale G. Pascoli a Campalto (VE)<\/span><\/p>\n<p><span style=\"color: #800000;\">==============================================================<\/span><br \/>\n<span style=\"color: #800000;\"><blockquote class=\"quotescollection-quote\"><p>When  the power of love<br \/>overcomes the love of power <br \/>the world will know peace<\/p>\n<footer class=\"attribution\">&mdash;&nbsp;<cite class=\"author\">Jimi Hendrix (Musicista)<\/cite><\/footer><\/blockquote><\/span><\/p>\n","protected":false},"excerpt":{"rendered":"<p>EVENTI Davide e Golia, in acqua di Pino Sartori * Un&#8217;eredit\u00e0 nefasta della cultura letteraria spicciola ce l&#8217;ha lasciata Paul Thomas Mann (1875 \u2013 1955), scrittore e saggista tedesco, premio Nobel per la letteratura, quando nel suo famoso racconto lungo &hellip; <a href=\"https:\/\/www.terraantica.org\/?p=1989\">Continua a leggere<span class=\"meta-nav\">&rarr;<\/span><\/a><\/p>\n","protected":false},"author":2,"featured_media":0,"comment_status":"open","ping_status":"closed","sticky":false,"template":"","format":"standard","meta":{"footnotes":""},"categories":[12,18],"tags":[680,677,681,679,682,788,789,678],"class_list":["post-1989","post","type-post","status-publish","format-standard","hentry","category-discussioni","category-eventi","tag-davide-e-golia","tag-der-tod-in-venedig","tag-in-acqua","tag-la-morte-a-venezia","tag-la-mostra-fotografica-a-filo-dacqua","tag-selina-zampedri","tag-stefano-barzizza","tag-thomas-mann"],"_links":{"self":[{"href":"https:\/\/www.terraantica.org\/index.php?rest_route=\/wp\/v2\/posts\/1989","targetHints":{"allow":["GET"]}}],"collection":[{"href":"https:\/\/www.terraantica.org\/index.php?rest_route=\/wp\/v2\/posts"}],"about":[{"href":"https:\/\/www.terraantica.org\/index.php?rest_route=\/wp\/v2\/types\/post"}],"author":[{"embeddable":true,"href":"https:\/\/www.terraantica.org\/index.php?rest_route=\/wp\/v2\/users\/2"}],"replies":[{"embeddable":true,"href":"https:\/\/www.terraantica.org\/index.php?rest_route=%2Fwp%2Fv2%2Fcomments&post=1989"}],"version-history":[{"count":9,"href":"https:\/\/www.terraantica.org\/index.php?rest_route=\/wp\/v2\/posts\/1989\/revisions"}],"predecessor-version":[{"id":3195,"href":"https:\/\/www.terraantica.org\/index.php?rest_route=\/wp\/v2\/posts\/1989\/revisions\/3195"}],"wp:attachment":[{"href":"https:\/\/www.terraantica.org\/index.php?rest_route=%2Fwp%2Fv2%2Fmedia&parent=1989"}],"wp:term":[{"taxonomy":"category","embeddable":true,"href":"https:\/\/www.terraantica.org\/index.php?rest_route=%2Fwp%2Fv2%2Fcategories&post=1989"},{"taxonomy":"post_tag","embeddable":true,"href":"https:\/\/www.terraantica.org\/index.php?rest_route=%2Fwp%2Fv2%2Ftags&post=1989"}],"curies":[{"name":"wp","href":"https:\/\/api.w.org\/{rel}","templated":true}]}}