{"id":2024,"date":"2015-02-04T09:27:11","date_gmt":"2015-02-04T09:27:11","guid":{"rendered":"http:\/\/www.terraantica.org\/?p=2024"},"modified":"2018-08-29T18:57:59","modified_gmt":"2018-08-29T18:57:59","slug":"2024","status":"publish","type":"post","link":"https:\/\/www.terraantica.org\/?p=2024","title":{"rendered":"La prima volta senza Gert"},"content":{"rendered":"<p style=\"text-align: left;\"><span style=\"color: #800000;\">EVENTI<\/span><\/p>\n<p style=\"text-align: center;\"><strong><span style=\"color: #800000;\">La prima volta senza Gert<\/span><\/strong><\/p>\n<p style=\"text-align: center;\"><span style=\"color: #800000;\">di Cornelia Hoffmann<\/span><\/p>\n<p style=\"text-align: justify;\"><span style=\"color: #800000;\">Da quando ho il filmato di Terra Antica su mio padre, tutti gli anni vado in qualche scuola sarda in occasione del Giorno della memoria per ricordare ai ragazzi la nostra promessa: perch\u00e9 non succeda mai pi\u00f9&#8230;(ahim\u00e8).<\/span><br \/>\n<span style=\"color: #800000;\">Per qualche minuto prima della visione del DVD e dopo, facevamo sempre un collegamento Skype con pap\u00e0, in modo che i ragazzi si rendessero conto che non si stava parlando di \u201cstoria\u201d bens\u00ec di realt\u00e0; l\u2019altro scopo del collegamento \u2013 inutile negarlo \u2013 era quello di rendere pap\u00e0 partecipe della sua stessa testimonianza. E dei buoni risultati nelle scuole vi ho gi\u00e0 scritto.<\/span><\/p>\n<div id=\"attachment_1433\" style=\"width: 310px\" class=\"wp-caption aligncenter\"><img loading=\"lazy\" decoding=\"async\" aria-describedby=\"caption-attachment-1433\" class=\"size-medium wp-image-1433\" alt=\"Gert Hoffmann incontra i ragazzi di un liceo dopo la visione del diapofilm prodotto da Terra Antica\" src=\"https:\/\/www.terraantica.org\/new\/wp-content\/uploads\/Foto_Gert1-300x225.jpg\" width=\"300\" height=\"225\" srcset=\"https:\/\/www.terraantica.org\/new\/wp-content\/uploads\/Foto_Gert1-300x225.jpg 300w, https:\/\/www.terraantica.org\/new\/wp-content\/uploads\/Foto_Gert1.jpg 518w\" sizes=\"auto, (max-width: 300px) 100vw, 300px\" \/><p id=\"caption-attachment-1433\" class=\"wp-caption-text\">Gert Hoffmann incontra i ragazzi di un liceo dopo la visione del diapofilm prodotto da Terra Antica<\/p><\/div>\n<p style=\"text-align: justify;\"><span style=\"color: #800000;\">Fino all\u2019anno scorso sarebbe stato teoricamente possibile tutto questo anche senza il filmato di Terra Antica (in pratica no, io non sono una docente, non so trovare accesso alla sensibilit\u00e0 dei ragazzi).<\/span><br \/>\n<span style=\"color: #800000;\">Avevo diversi timori in pi\u00f9 quest\u2019anno: i ragazzi si sarebbero sentiti toccati e coinvolti anche senza vedere e sentire l\u2019\u201deroe\u201d di cui si parla? La risposta \u00e8 s\u00ec: il filmato si \u00e8 confermato efficace ed \u201cautoportante\u201d per i ragazzi, \u00e8 fatto apposta per loro, pu\u00f2 toccare le loro corde.<\/span><br \/>\n<span style=\"color: #800000;\">L\u2019altro timore invece non poteva essere annullato: la prima volta senza Gert&#8230;mentre alla fine della proiezione del filmato raccontavo ai ragazzi la genesi del filmato non ho potuto (e nemmeno voluto) nascondere la mia commozione.<\/span><br \/>\n<span style=\"color: #800000;\">Ora veramente non potrei portare nelle scuole la testimonianza, senza il vostro lavoro di qualche anno fa. <\/span><\/p>\n<p style=\"text-align: justify;\"><span style=\"color: #800000;\">Non finir\u00f2 mai di ringraziarvi abbastanza.<\/span><\/p>\n<p>==============================================================<br \/>\n<blockquote class=\"quotescollection-quote\"><p>C&#8217;\u00e8 un&#8217;aria, un&#8217;aria, ma un&#8217;aria | che manca l&#8217;aria.<\/p>\n<footer class=\"attribution\">&mdash;&nbsp;<cite class=\"author\">Giorgio Gaber<\/cite><\/footer><\/blockquote><\/p>\n","protected":false},"excerpt":{"rendered":"<p>EVENTI La prima volta senza Gert di Cornelia Hoffmann Da quando ho il filmato di Terra Antica su mio padre, tutti gli anni vado in qualche scuola sarda in occasione del Giorno della memoria per ricordare ai ragazzi la nostra &hellip; <a href=\"https:\/\/www.terraantica.org\/?p=2024\">Continua a leggere<span class=\"meta-nav\">&rarr;<\/span><\/a><\/p>\n","protected":false},"author":2,"featured_media":0,"comment_status":"open","ping_status":"closed","sticky":false,"template":"","format":"standard","meta":{"footnotes":""},"categories":[1],"tags":[464,711,710,712],"class_list":["post-2024","post","type-post","status-publish","format-standard","hentry","category-attivita","tag-antifascista-europeo","tag-cornelia","tag-gert","tag-hofmann"],"_links":{"self":[{"href":"https:\/\/www.terraantica.org\/index.php?rest_route=\/wp\/v2\/posts\/2024","targetHints":{"allow":["GET"]}}],"collection":[{"href":"https:\/\/www.terraantica.org\/index.php?rest_route=\/wp\/v2\/posts"}],"about":[{"href":"https:\/\/www.terraantica.org\/index.php?rest_route=\/wp\/v2\/types\/post"}],"author":[{"embeddable":true,"href":"https:\/\/www.terraantica.org\/index.php?rest_route=\/wp\/v2\/users\/2"}],"replies":[{"embeddable":true,"href":"https:\/\/www.terraantica.org\/index.php?rest_route=%2Fwp%2Fv2%2Fcomments&post=2024"}],"version-history":[{"count":9,"href":"https:\/\/www.terraantica.org\/index.php?rest_route=\/wp\/v2\/posts\/2024\/revisions"}],"predecessor-version":[{"id":3007,"href":"https:\/\/www.terraantica.org\/index.php?rest_route=\/wp\/v2\/posts\/2024\/revisions\/3007"}],"wp:attachment":[{"href":"https:\/\/www.terraantica.org\/index.php?rest_route=%2Fwp%2Fv2%2Fmedia&parent=2024"}],"wp:term":[{"taxonomy":"category","embeddable":true,"href":"https:\/\/www.terraantica.org\/index.php?rest_route=%2Fwp%2Fv2%2Fcategories&post=2024"},{"taxonomy":"post_tag","embeddable":true,"href":"https:\/\/www.terraantica.org\/index.php?rest_route=%2Fwp%2Fv2%2Ftags&post=2024"}],"curies":[{"name":"wp","href":"https:\/\/api.w.org\/{rel}","templated":true}]}}