{"id":3406,"date":"2023-04-05T20:28:56","date_gmt":"2023-04-05T20:28:56","guid":{"rendered":"https:\/\/www.terraantica.org\/?p=3406"},"modified":"2023-04-05T20:47:18","modified_gmt":"2023-04-05T20:47:18","slug":"3406","status":"publish","type":"post","link":"https:\/\/www.terraantica.org\/?p=3406","title":{"rendered":"Il progetto di riqualificazione dell&#8217;Osellino. Alcuni spunti di storia"},"content":{"rendered":"<h3>Il progetto di riqualificazione dell&#8217;Osellino. Alcuni spunti di storia<\/h3>\n<p>di Lionello Pellizzer<\/p>\n<p>Lo scavo cinquecentesco dell\u2019Osellino eseguito dall\u2019impresa di Lorenzo Belicoco a partire da Luglio 1506. Un documento dell\u2019Archivio di Stato, copia del pagamento dei lavori, seguiti e approvati dal Savio alle Acque Alessio de Aleardi. Pillole di storia.<\/p>\n<p>In questi mesi il Consorzio Acque Risorgive sta realizzando il progetto di \u201cscavo e riqualificazione del basso corso del Marzenego-Osellino\u201d, atteso da oltre trent\u2019anni e finalmente giunto alla fase operativa. Il progetto prevede lo scavo e l\u2019asporto dei fanghi depositati sul fondo del canale, la sistemazione e rafforzamento degli argini, la realizzazione di una Varice-darsena presso il Quartiere Pertini, la piantumazione di vegetali che consentano la depurazione delle acque nonch\u00e9 la sistemazione ordinata dei pontili per l\u2019accesso alle imbarcazioni.<br \/>\nMolte discussioni sono state generate dalla realizzazione di un nuovo manufatto alle Rotte (in prossimit\u00e0 del canile) che consentir\u00e0 solo un transito limitato per l\u2019uscita\/entrata delle barche in Laguna. Credo e auspico che siano trovate le migliori soluzioni che tengano nella giusta considerazione le diverse esigenze che il progetto intende soddisfare (la navigabilit\u00e0 del canale, il contrasto al cuneo salino, la qualit\u00e0 delle acque, la fruibilit\u00e0 degli argini, la prevenzione dall\u2019interrimento del canale delle Rotte nel Seno della Seppa e la qualit\u00e0 ambientale complessiva.<br \/>\nL\u2019Osellino fu scavato per togliere le \u201ctorbide\u201d del Marzenego e del Bottenigo (nome con cui si indicava l\u2019ultimo tratto del fiume Muson) dal bacino di Venezia e trasportare quelle acque alla foce del fiume Dese, nel bacino di Torcello, Burano e Mazzorbo. Lo scavo dell\u2019Osellino rispondeva perci\u00f2 alla pi\u00f9 larga \u201cstrategia\u201d dei Savi ed Esecutori alle Acque, di togliere o per dirla al modo veneziano, di \u201cdivertire\u201d al di fuori del bacino lagunare, tutti i principali fiumi sfocianti in Laguna.<br \/>\nL\u2019Osellino in primo tempo fu chiamato \u201cCava Nuova, Brentella o Brenta Nova\u201d. Solo molto pi\u00f9 tardi gli fu attribuito in nome di Osellino, nomignolo con cui a Venezia erano chiamati i piccoli corsi d\u2019acqua.<br \/>\nPer rispondere alla stessa strategia ossia la salvaguarda dei canali lagunari e dei canali portuali, fu realizzato un solo argine, sulla destra idraulica, proprio per impedire il travaso delle acque in Laguna. In questo modo le \u201cescrescenze\u201d del canale, impedite dall\u2019argine di travasarsi in Laguna, si sarebbero sparse sulle campagne circostanti, creando o allargando in questo modo le paludi che caratterizzavano il margine della terraferma (palude di Lito Marino, di Campalton e di Paliaga etc).<br \/>\nNel 1501 il Consiglio dei Dieci aveva istituito il Magistrato dei Savi alle Acque. Dopo molte discussioni e cambiamenti di opinione, nel 1505 fu deciso \u2013 fu presa parte \u2013 che la migliore soluzione fosse lo scavo di un canale a partire dal borgo di Marghera (dove oggi c\u2019\u00e8 il Forte di Marghera) lungo il bordo della Laguna fino alla foce del Dese. Nell\u2019intenzione dei Savi le acque del Marzenego, del Dese e dello Zero, dovevano successivamente essere portate \u201cin un sol corpo\u201d nel letto del Sile. Ma quest\u2019idea progettuale non fu mai realizzata.<br \/>\nLo scavo dell\u2019Osellino, come detto sopra, fu affidato all\u2019impresa di Lorenzo Belicoco e l\u2019incarico di seguire i lavori della \u201cnuova cavazion\u201d fu assegnato all\u2019ingegnere Alessio de Aleardi, di origine bergamasca. Di nobile famiglia, Alessio de Aleardi (o Agliardi), era arrivato a Venezia nel 1488 su raccomandazione del suo concittadino e grande amico Bartolomeo Colleoni, il grande condottiero dell\u2019esercito della Serenissima.<br \/>\nCome scrisse il Barone Camillo Vacani, ufficiale del Genio nel Regno Italico e scrittore militare, nel 1502 Alessio de Aleardi \u201c<em>fu preso agli stipendi di Venezia per la direzione suprema di si importanti operazioni<\/em>\u201d. Fra il 1488 ed il 1495, Aleardi aveva eseguito lavori in San Marco e realizzato opere idrauliche, di cui la maggiore fu la regolazione della corso del Brenta da Str\u00e0 fino a Fusina e, attraverso la nuova inalveazione realizzata due decenni prima, nel 1488, chiamata \u201c<em>Brenta Nuova o Brenton<\/em>\u201d, da Dolo fino a Conche. Memorabile la sua disputa con un altro grande esperto delle Acque Fr\u00e0 Giocondo da Verona.<br \/>\nRiguardo all\u2019Osellino, il documento \u00a0trovato in Archivio di Sato (foto 1) riporta i pagamenti per i lavori eseguiti da Lorenzo Belicoco ed \u00e8 tratto dal \u201c<em>Libro dell\u2019Officio delle Acque<\/em>\u201d.<\/p>\n<div id=\"attachment_3402\" style=\"width: 897px\" class=\"wp-caption aligncenter\"><img loading=\"lazy\" decoding=\"async\" aria-describedby=\"caption-attachment-3402\" class=\"wp-image-3402 size-full\" src=\"https:\/\/www.terraantica.org\/new\/wp-content\/uploads\/Archivio-di-Stato-Mensa-patriar.-busta-50.-Copia-documento-pagamento-lavori-scavo-Osellino-1506.16.Luglio-Savio-alle-Acque-Alessio-de-Aleardi-impresa-Lorenzo-Belicoco-1-1.png\" alt=\"\" width=\"887\" height=\"1263\" srcset=\"https:\/\/www.terraantica.org\/new\/wp-content\/uploads\/Archivio-di-Stato-Mensa-patriar.-busta-50.-Copia-documento-pagamento-lavori-scavo-Osellino-1506.16.Luglio-Savio-alle-Acque-Alessio-de-Aleardi-impresa-Lorenzo-Belicoco-1-1.png 887w, https:\/\/www.terraantica.org\/new\/wp-content\/uploads\/Archivio-di-Stato-Mensa-patriar.-busta-50.-Copia-documento-pagamento-lavori-scavo-Osellino-1506.16.Luglio-Savio-alle-Acque-Alessio-de-Aleardi-impresa-Lorenzo-Belicoco-1-1-211x300.png 211w, https:\/\/www.terraantica.org\/new\/wp-content\/uploads\/Archivio-di-Stato-Mensa-patriar.-busta-50.-Copia-documento-pagamento-lavori-scavo-Osellino-1506.16.Luglio-Savio-alle-Acque-Alessio-de-Aleardi-impresa-Lorenzo-Belicoco-1-1-719x1024.png 719w, https:\/\/www.terraantica.org\/new\/wp-content\/uploads\/Archivio-di-Stato-Mensa-patriar.-busta-50.-Copia-documento-pagamento-lavori-scavo-Osellino-1506.16.Luglio-Savio-alle-Acque-Alessio-de-Aleardi-impresa-Lorenzo-Belicoco-1-1-70x100.png 70w\" sizes=\"auto, (max-width: 887px) 100vw, 887px\" \/><p id=\"caption-attachment-3402\" class=\"wp-caption-text\">Foto 1<\/p><\/div>\n<p>In corrispondenza delle date, c\u2019\u00e8 la descrizione del lavoro eseguito, la lunghezza in pertiche dello scavo effettuato, l\u2019importo unitario per ogni pertica e la somma complessiva per ogni porzione eseguita.<br \/>\nIl primo \u201clotto\u201d, datato 16 luglio 1506, riguardava lo scavo di un fosso adiacente la \u201cStradella che va da Mestre in Altino\u201d (l\u2019antica via Annia ora via Orlanda) per 221 pertiche, circa 450 metri. Fu eseguito per intercettare le acque torbide delle campagne\u2026..\u201ci molti scoli che venivano ad intersecarsi dal nuovo cavamento\u201d (B. Zendrini in: Memorie storiche\u2026Tomo I, pag. 158).<\/p>\n<div id=\"attachment_3405\" style=\"width: 1660px\" class=\"wp-caption aligncenter\"><img loading=\"lazy\" decoding=\"async\" aria-describedby=\"caption-attachment-3405\" class=\"wp-image-3405 size-full\" src=\"https:\/\/www.terraantica.org\/new\/wp-content\/uploads\/Canale-dellOselin-Carta-Storica-di-Pietro-Marcon-Laguna-1878.png\" alt=\"\" width=\"1650\" height=\"920\" \/><p id=\"caption-attachment-3405\" class=\"wp-caption-text\">Foto 2<\/p><\/div>\n<p>Poi a seguire il secondo lotto \u2013 20 novembre 1506 \u2013 scavo lungo 1000 perteghe a \u00a3 (lire) 13:15 per pertega, monta \u00a3 13750 de piccoli. Il terzo lotto in data 8 aprile 1507 per la \u201ccavazion\u201d di 800 perteghe sempre per 13:15 la pertega, monta \u00a3 11286, con approvazione (laudazion) de Alessio nostro Inzegner. Poi il 30 aprile altre 907 perteghe da Paliaga fino alla palude di Dese e il 30 ottobre per la \u201c<em>cavazion per perteghe 88 facta al luogo della creda<\/em>\u201d. In totale lo scavo del canale cost\u00f2 \u00a3 39822.<br \/>\nLo scavo fu fatto sulle terre delle monache di S. Lorenzo in Cavergnago, dei frati Certosini di Tombello, dei Nobili Loredan e Priuli, dei Nobili Morosini in S. Martino di Strada e dell\u2019abbazia di S. Cipriano, poi incorporata nel Patriarcato di Venezia. Non risulta alcuna lamentela da parte dei proprietari dei terreni attraversati si sia lamentato dei danni subiti. Era certamente considerato un sacrificio necessario per l\u2019interesse superiore della Repubblica.<\/p>\n<div id=\"attachment_3404\" style=\"width: 2570px\" class=\"wp-caption aligncenter\"><img loading=\"lazy\" decoding=\"async\" aria-describedby=\"caption-attachment-3404\" class=\"wp-image-3404 size-full\" src=\"https:\/\/www.terraantica.org\/new\/wp-content\/uploads\/LOsellino-nel-2020-scaled.jpg\" alt=\"Foto 3\" width=\"2560\" height=\"1920\" \/><p id=\"caption-attachment-3404\" class=\"wp-caption-text\">Imbarcazioni abbandonate nell&#8217;alveo del fiume Marzenego-Osellino nel 2020.<\/p><\/div>\n<div id=\"attachment_3403\" style=\"width: 2570px\" class=\"wp-caption aligncenter\"><img loading=\"lazy\" decoding=\"async\" aria-describedby=\"caption-attachment-3403\" class=\"wp-image-3403 size-full\" src=\"https:\/\/www.terraantica.org\/new\/wp-content\/uploads\/Varice-al-Rione-Pertini-lavori-in-corso.-Foto-Pellizzer-settembre-2022--scaled.jpg\" alt=\"\" width=\"2560\" height=\"1440\" \/><p id=\"caption-attachment-3403\" class=\"wp-caption-text\">Nuovi lavori di escavo e riqualificazione ambientale del Marzenego-Osellino nel 2022<\/p><\/div>\n","protected":false},"excerpt":{"rendered":"<p>Il progetto di riqualificazione dell&#8217;Osellino. Alcuni spunti di storia di Lionello Pellizzer Lo scavo cinquecentesco dell\u2019Osellino eseguito dall\u2019impresa di Lorenzo Belicoco a partire da Luglio 1506. Un documento dell\u2019Archivio di Stato, copia del pagamento dei lavori, seguiti e approvati dal &hellip; <a href=\"https:\/\/www.terraantica.org\/?p=3406\">Continua a leggere<span class=\"meta-nav\">&rarr;<\/span><\/a><\/p>\n","protected":false},"author":35,"featured_media":0,"comment_status":"open","ping_status":"closed","sticky":false,"template":"","format":"standard","meta":{"footnotes":""},"categories":[18,13],"tags":[1047,341,1049,1048],"class_list":["post-3406","post","type-post","status-publish","format-standard","hentry","category-eventi","category-ricerche","tag-fiume-marzenego","tag-osellino","tag-qqqq","tag-riqualificazione"],"_links":{"self":[{"href":"https:\/\/www.terraantica.org\/index.php?rest_route=\/wp\/v2\/posts\/3406","targetHints":{"allow":["GET"]}}],"collection":[{"href":"https:\/\/www.terraantica.org\/index.php?rest_route=\/wp\/v2\/posts"}],"about":[{"href":"https:\/\/www.terraantica.org\/index.php?rest_route=\/wp\/v2\/types\/post"}],"author":[{"embeddable":true,"href":"https:\/\/www.terraantica.org\/index.php?rest_route=\/wp\/v2\/users\/35"}],"replies":[{"embeddable":true,"href":"https:\/\/www.terraantica.org\/index.php?rest_route=%2Fwp%2Fv2%2Fcomments&post=3406"}],"version-history":[{"count":4,"href":"https:\/\/www.terraantica.org\/index.php?rest_route=\/wp\/v2\/posts\/3406\/revisions"}],"predecessor-version":[{"id":3410,"href":"https:\/\/www.terraantica.org\/index.php?rest_route=\/wp\/v2\/posts\/3406\/revisions\/3410"}],"wp:attachment":[{"href":"https:\/\/www.terraantica.org\/index.php?rest_route=%2Fwp%2Fv2%2Fmedia&parent=3406"}],"wp:term":[{"taxonomy":"category","embeddable":true,"href":"https:\/\/www.terraantica.org\/index.php?rest_route=%2Fwp%2Fv2%2Fcategories&post=3406"},{"taxonomy":"post_tag","embeddable":true,"href":"https:\/\/www.terraantica.org\/index.php?rest_route=%2Fwp%2Fv2%2Ftags&post=3406"}],"curies":[{"name":"wp","href":"https:\/\/api.w.org\/{rel}","templated":true}]}}