{"id":3412,"date":"2023-07-21T14:37:57","date_gmt":"2023-07-21T14:37:57","guid":{"rendered":"https:\/\/www.terraantica.org\/?p=3412"},"modified":"2025-02-28T23:30:11","modified_gmt":"2025-02-28T23:30:11","slug":"terra-antica-piange-la-scomparsa-di-ettore-aulisio","status":"publish","type":"post","link":"https:\/\/www.terraantica.org\/?p=3412","title":{"rendered":"Terra Antica piange la scomparsa di Ettore Aulisio"},"content":{"rendered":"<p><b>Terra Antica piange la scomparsa di Ettore Aulisio<\/b><\/p>\n<p><i>Favaro Veneto, 20 luglio 2023 \u2013<\/i> Tutta la nostra associazione piange la scomparsa di Ettore Aulisio, tra i nostri fondatori, ed \u00e8 vicina ad Anna Maria e ai figli.<\/p>\n<p>Ettore nasce il 6 maggio 1934 a San Ginesio, borgo delle Marche cui \u00e8 sempre rimasto legato nel corso della sua vita. Giunto a Favaro Veneto con Anna Maria, Ettore diventa direttore didattico delle scuole elementari, impegnandosi per l\u2019attuazione del tempo pieno, dell\u2019attenzione ai bambini e alle famiglie pi\u00f9 bisognose, nella convinzione che la scuola \u00e8 prima di tutto, un\u2019esperienza che riguarda tutti e un veicolo di integrazione e democrazia.<\/p>\n<p>Questa idea della funzione educativa lo porta a sviluppare quell\u2019interesse per la storia locale e dei territori che lo porta, con altri insegnanti e appassionati, a fondare nel 1992 la nostra Associazione culturale. E\u2019 la stagione, quella dei primi anni \u201990, di fervore culturale per la terraferma veneziana, per Mestre e i quartieri come Favaro Veneto. Una stagione che Ettore vive da protagonista, con la convinzione che la storia dei territori non \u00e8 semplice attenzione localistica, ma che la conoscenza delle vicende di un luogo, della sua comunit\u00e0, sono indispensabili se vuoi vivere il presente.<\/p>\n<p>Non a caso Ettore promuove la pubblicazione dei Quaderni di Terra Antica recuperando il materiale dell\u2019archivio storico riguardante l\u2019ex Comune di Favaro Veneto, \u00e8 autore di numerosissime pubblicazioni senza le quali la conoscenza storica dell\u2019area orientale della terraferma sarebbe caduca.<\/p>\n<p><img loading=\"lazy\" decoding=\"async\" class=\"aligncenter size-full wp-image-3414\" src=\"https:\/\/www.terraantica.org\/new\/wp-content\/uploads\/Ettore.jpg\" alt=\"Ettore Aulisio\" width=\"485\" height=\"445\" srcset=\"https:\/\/www.terraantica.org\/new\/wp-content\/uploads\/Ettore.jpg 485w, https:\/\/www.terraantica.org\/new\/wp-content\/uploads\/Ettore-300x275.jpg 300w, https:\/\/www.terraantica.org\/new\/wp-content\/uploads\/Ettore-109x100.jpg 109w\" sizes=\"auto, (max-width: 485px) 100vw, 485px\" \/><\/p>\n<p>Si impegna nel progetto di un museo diffuso della citt\u00e0, in cui approfondire e ricostruire le diverse vocazioni del territorio, a partire dalla civilt\u00e0 contadina, di cui il laboratorio Ferracina a Villaggio Lagna, da lui fortemente voluto, avrebbe dovuto essere un nodo.<\/p>\n<p>Ettore nel tempo ha sempre sostenuto e promosso la funzione educativa ed aggregante di ogni linguaggio culturale: le rassegne corali dei primi anni duemila sono l\u2019occasione per stringere rapporti di amicizia con le comunit\u00e0 del piceno e della Stiria, che continuano ancora oggi.<\/p>\n<p>L\u2019impegno di Ettore si traduce anche nella militanza politica e nell\u2019impegno istituzionale e amministrativo, come consigliere comunale della lista PCI-Il ponte negli anni tra il 1989 e il 1993.<\/p>\n<p>Anche in questi ultimi anni in cui le difficolt\u00e0 di mobilit\u00e0 si erano acuite, Ettore continuava ad essere attivo pubblicando on line pillole di storia, riguardanti la sua comunit\u00e0 elettiva, Favaro Veneto, e quella nativa, San Ginesio.<\/p>\n<p>Ettore \u00e8 una persona cui \u00e8 impossibile non volere bene, e questo per la sua straordinaria umanit\u00e0, il suo desiderio di conoscere, la cura e l\u2019attenzione per gli altri, a partire dalla sua famiglia. Mancher\u00e0 a tutti noi, mancher\u00e0 a Favaro Veneto e a tutta la citt\u00e0, che perdono una grande persona.<\/p>\n<p><i>Per il direttivo dell\u2019associazione culturale Terra Antica \u2013 Gabriele Scaramuzza<\/i><\/p>\n","protected":false},"excerpt":{"rendered":"<p>Terra Antica piange la scomparsa di Ettore Aulisio Favaro Veneto, 20 luglio 2023 \u2013 Tutta la nostra associazione piange la scomparsa di Ettore Aulisio, tra i nostri fondatori, ed \u00e8 vicina ad Anna Maria e ai figli. Ettore nasce il &hellip; <a href=\"https:\/\/www.terraantica.org\/?p=3412\">Continua a leggere<span class=\"meta-nav\">&rarr;<\/span><\/a><\/p>\n","protected":false},"author":2,"featured_media":0,"comment_status":"open","ping_status":"closed","sticky":false,"template":"","format":"standard","meta":{"footnotes":""},"categories":[18,17,10,337],"tags":[1051,1052,1050,1056,1053],"class_list":["post-3412","post","type-post","status-publish","format-standard","hentry","category-eventi","category-laboratorio","category-associazione","category-notiziario","tag-aulisio","tag-direttore-scolastico","tag-ettore","tag-ettore-aulisio","tag-fondatore"],"_links":{"self":[{"href":"https:\/\/www.terraantica.org\/index.php?rest_route=\/wp\/v2\/posts\/3412","targetHints":{"allow":["GET"]}}],"collection":[{"href":"https:\/\/www.terraantica.org\/index.php?rest_route=\/wp\/v2\/posts"}],"about":[{"href":"https:\/\/www.terraantica.org\/index.php?rest_route=\/wp\/v2\/types\/post"}],"author":[{"embeddable":true,"href":"https:\/\/www.terraantica.org\/index.php?rest_route=\/wp\/v2\/users\/2"}],"replies":[{"embeddable":true,"href":"https:\/\/www.terraantica.org\/index.php?rest_route=%2Fwp%2Fv2%2Fcomments&post=3412"}],"version-history":[{"count":6,"href":"https:\/\/www.terraantica.org\/index.php?rest_route=\/wp\/v2\/posts\/3412\/revisions"}],"predecessor-version":[{"id":3466,"href":"https:\/\/www.terraantica.org\/index.php?rest_route=\/wp\/v2\/posts\/3412\/revisions\/3466"}],"wp:attachment":[{"href":"https:\/\/www.terraantica.org\/index.php?rest_route=%2Fwp%2Fv2%2Fmedia&parent=3412"}],"wp:term":[{"taxonomy":"category","embeddable":true,"href":"https:\/\/www.terraantica.org\/index.php?rest_route=%2Fwp%2Fv2%2Fcategories&post=3412"},{"taxonomy":"post_tag","embeddable":true,"href":"https:\/\/www.terraantica.org\/index.php?rest_route=%2Fwp%2Fv2%2Ftags&post=3412"}],"curies":[{"name":"wp","href":"https:\/\/api.w.org\/{rel}","templated":true}]}}