{"id":915,"date":"2012-01-17T15:48:20","date_gmt":"2012-01-17T15:48:20","guid":{"rendered":"http:\/\/www.terraantica.org\/?p=915"},"modified":"2018-09-27T10:23:56","modified_gmt":"2018-09-27T10:23:56","slug":"gli-eventi-del-ventennale-di-terra-antica","status":"publish","type":"post","link":"https:\/\/www.terraantica.org\/?p=915","title":{"rendered":"Gli eventi del ventennale di &#8220;Terra Antica&#8221;"},"content":{"rendered":"<p style=\"text-align: center;\"><span style=\"color: #800000;\">GLI EVENTI DEL VENTENNALE DI \u201cTERRA ANTICA\u201d<\/span><\/p>\n<p style=\"text-align: center;\"><span style=\"color: #800000;\">2 Marzo 2012 \u2013 0re 17,30<\/span><br \/>\n<span style=\"color: #800000;\"> Favaro V. \u2013 Biblioteca B. Bruni<\/span><br \/>\n<span style=\"color: #800000;\"> <strong>&#8220;Napoleone Ticozzi<\/strong>, <strong>un amministratore della terraferma nella seconda met\u00e0 dell\u2019800<\/strong>&#8220;<\/span><\/p>\n<p style=\"text-align: center;\"><span style=\"color: #800000;\"><em>Presenta il dott. Sergio Barizza<\/em><\/span><br \/>\n<span style=\"color: #800000;\"> <em> Letture di Laura Tagliabue<\/em><\/span><br \/>\n<span style=\"color: #800000;\"> <em> Immagini a cura di Sandro Bortolotti<\/em><\/span><\/p>\n<p style=\"text-align: justify;\"><span style=\"color: #800000;\">La storia della famiglia Ticozzi si identifica con la storia di Mestre e della Terraferma veneziana della seconda met\u00e0 dell\u2019800; di particolare rilievo \u00e8 la figura di Napoleone che per diversi anni fu, oltre Sindaco di Mestre, Assessore del Comune di Favaro.<\/span><br \/>\n<span style=\"color: #800000;\"> Conoscere la storia di questa famiglia, significa comprendere pi\u00f9 completamente<\/span><br \/>\n<span style=\"color: #800000;\"> la storia della nostra citt\u00e0 di terraferma.<\/span><br \/>\n<span style=\"color: #800000;\"> Nell\u2019occasione sar\u00e0 presentato il Libro di S. Barizza: \u201c<em>I Ticozzi nella Mestre dell\u2019ottocento: una famiglia, una citt\u00e0<\/em>\u201d.<\/span><\/p>\n<p style=\"text-align: center;\"><span style=\"color: #800000;\">Ingresso libero<\/span><\/p>\n<p style=\"text-align: center;\"><span style=\"color: #800000;\">==============================================================<\/span><\/p>\n<p style=\"text-align: center;\"><span style=\"color: #800000;\">20 aprile 2012 \u2013 ore 17<\/span><br \/>\n<span style=\"color: #800000;\"> Scuola Primaria Don Milani Campalto &#8211; Villaggio Laguna<\/span><br \/>\n<span style=\"color: #800000;\"> <strong>&#8220;Gente di gronda da CEP a Villaggio Laguna<\/strong>&#8220;<\/span><br \/>\n<span style=\"color: #800000;\"> Spettacolo multimediale per festeggiare i 20 anni del Laboratorio di Documentazione Storica \u201cGC Ferracina\u201d.<\/span><\/p>\n<p style=\"text-align: center;\"><span style=\"color: #800000;\"><em>a cura della Scuola Don Milani<\/em><\/span><\/p>\n<p style=\"text-align: center;\"><span style=\"color: #800000;\">Nell\u2019occasione a cura di \u201cTerra Antica\u201d saranno effettuate<\/span><br \/>\n<span style=\"color: #800000;\"> delle visite guidate al Laboratorio<\/span><\/p>\n<p style=\"text-align: center;\"><span style=\"color: #800000;\">=============================================================<\/span><\/p>\n<p style=\"text-align: center;\"><span style=\"color: #800000;\">5 Maggio 2012 \u2013 ore 21<\/span><br \/>\n<span style=\"color: #800000;\"> Chiesa di San Benedetto &#8211;\u00a0Campalto<\/span><\/p>\n<p style=\"text-align: center;\"><span style=\"color: #800000;\"><strong>CONCERTO<\/strong><\/span><br \/>\n<span style=\"color: #800000;\"> del ventennale<\/span><br \/>\n<span style=\"color: #800000;\"> con la partecipazione del<\/span><br \/>\n<span style=\"color: #800000;\"> CORO MARMOLADA<\/span><br \/>\n<span style=\"color: #800000;\"> <em>Diretto dal M\u00b0 Claudio Favret<\/em><\/span><\/p>\n<p style=\"text-align: center;\"><span style=\"color: #800000;\">Ingresso libero<\/span><\/p>\n<p style=\"text-align: center;\"><span style=\"color: #800000;\">=============================================================<\/span><\/p>\n<p>==============================================================<br \/>\n<blockquote class=\"quotescollection-quote\"><p>Meravigliosa \u00e8 la forza dei deserti d&#8217;Oriente fatti di pietre, di sabbia e di sole, dove anche l&#8217;uomo pi\u00f9 gretto capisce la propria pochezza di fronte alla vastit\u00e0 del creato e agli abissi dell&#8217;eternit\u00e0, ma ancora pi\u00f9 potente \u00e8 il deserto delle citt\u00e0 fatto di moltitudini, di strepiti, di ruote d&#8217;asfalto, di luci elettriche, e di orologi che vanno tutti insieme e pronunciano tutti nello stesso istante la medesima condanna.<\/p>\n<footer class=\"attribution\">&mdash;&nbsp;<cite class=\"author\">Dino Buzzati<\/cite>, <cite class=\"title source\">L&#8217;umilt\u00e0<\/cite><\/footer><\/blockquote><\/p>\n","protected":false},"excerpt":{"rendered":"<p>GLI EVENTI DEL VENTENNALE DI \u201cTERRA ANTICA\u201d 2 Marzo 2012 \u2013 0re 17,30 Favaro V. \u2013 Biblioteca B. Bruni &#8220;Napoleone Ticozzi, un amministratore della terraferma nella seconda met\u00e0 dell\u2019800&#8220; Presenta il dott. Sergio Barizza Letture di Laura Tagliabue Immagini a &hellip; <a href=\"https:\/\/www.terraantica.org\/?p=915\">Continua a leggere<span class=\"meta-nav\">&rarr;<\/span><\/a><\/p>\n","protected":false},"author":3,"featured_media":0,"comment_status":"open","ping_status":"closed","sticky":false,"template":"","format":"standard","meta":{"footnotes":""},"categories":[18],"tags":[],"class_list":["post-915","post","type-post","status-publish","format-standard","hentry","category-eventi"],"_links":{"self":[{"href":"https:\/\/www.terraantica.org\/index.php?rest_route=\/wp\/v2\/posts\/915","targetHints":{"allow":["GET"]}}],"collection":[{"href":"https:\/\/www.terraantica.org\/index.php?rest_route=\/wp\/v2\/posts"}],"about":[{"href":"https:\/\/www.terraantica.org\/index.php?rest_route=\/wp\/v2\/types\/post"}],"author":[{"embeddable":true,"href":"https:\/\/www.terraantica.org\/index.php?rest_route=\/wp\/v2\/users\/3"}],"replies":[{"embeddable":true,"href":"https:\/\/www.terraantica.org\/index.php?rest_route=%2Fwp%2Fv2%2Fcomments&post=915"}],"version-history":[{"count":9,"href":"https:\/\/www.terraantica.org\/index.php?rest_route=\/wp\/v2\/posts\/915\/revisions"}],"predecessor-version":[{"id":3136,"href":"https:\/\/www.terraantica.org\/index.php?rest_route=\/wp\/v2\/posts\/915\/revisions\/3136"}],"wp:attachment":[{"href":"https:\/\/www.terraantica.org\/index.php?rest_route=%2Fwp%2Fv2%2Fmedia&parent=915"}],"wp:term":[{"taxonomy":"category","embeddable":true,"href":"https:\/\/www.terraantica.org\/index.php?rest_route=%2Fwp%2Fv2%2Fcategories&post=915"},{"taxonomy":"post_tag","embeddable":true,"href":"https:\/\/www.terraantica.org\/index.php?rest_route=%2Fwp%2Fv2%2Ftags&post=915"}],"curies":[{"name":"wp","href":"https:\/\/api.w.org\/{rel}","templated":true}]}}